{"id":346,"date":"2013-03-04T15:47:52","date_gmt":"2013-03-04T13:47:52","guid":{"rendered":"http:\/\/www.wobblies-kassel.de\/?p=346"},"modified":"2013-03-04T15:53:13","modified_gmt":"2013-03-04T13:53:13","slug":"aktionen-bzgl-privatisierung-der-seniorenwohnanlagen","status":"publish","type":"post","link":"https:\/\/www.wobblies-kassel.de\/?p=346","title":{"rendered":"Aktionen bzgl. Privatisierung der Seniorenwohnanlagen in Kassel"},"content":{"rendered":"<div style=\"text-align: justify;\"><span style=\"font-size: small; font-family: verdana,geneva;\">Bez\u00fcglich der von der Stadt beabsichtigten (Teil-)Privatisierung der Seniorenwohnanlagen wird es in n\u00e4chster Zeit zu Aktionen kommen. Im M\u00e4rz wird in der Stadtverordnetenversammlung \u00fcber einen Antrag der Fraktion Kasseler Linke beraten, in dem gefordert wird<\/span><\/div>\n<div style=\"text-align: justify;\"><\/div>\n<div style=\"text-align: justify;\"><span style=\"font-size: small; font-family: verdana,geneva;\">&#8211; die beabsichtigte Privatisierung von zun\u00e4chst 49 % der Anteile der Seniorenwohnanlagen Kassel GmbH sofort zu stoppen<\/span><\/div>\n<div style=\"text-align: justify;\"><span style=\"font-size: small; font-family: verdana,geneva;\">&#8211; Vorschl\u00e4ge f\u00fcr den langfristigen Erhalt des Angebots an Altenpflegeeinrichtungen in kommunaler Hand zu erarbeiten<\/span><\/div>\n<div style=\"text-align: justify;\"><span style=\"font-size: small; font-family: verdana,geneva;\">und<\/span><\/div>\n<div style=\"text-align: justify;\"><span style=\"font-size: small; font-family: verdana,geneva;\">&#8211; die Bezahlung der Besch\u00e4ftigten im Tarifsystem des \u00d6ffentlichen Dienstes sicherzustellen.<\/span><\/div>\n<div style=\"text-align: justify;\">\n<p><span style=\"font-size: small; font-family: verdana,geneva;\">Gleichzeitig soll die Stadt aber auch nicht aus der Verantwortung entlassen werden, die sie hier und heute f\u00fcr die Arbeitsbedingungen in den Betrieben hat, welche unter ihrer Tr\u00e4gerschaft stehen.<\/span><\/p>\n<p><span style=\"font-size: small; font-family: verdana,geneva;\">\u00dcber den Antrag wird zun\u00e4chst am Dienstag, den 5. M\u00e4rz ab 17 Uhr im Sozialausschuss der Stadtverordnetenversammlung und dann am Montag, den 18. M\u00e4rz ab 16 Uhr in der Stadtverordnetenversammlung selbst abgestimmt.<\/span><\/p>\n<p><span style=\"font-size: small; font-family: verdana,geneva;\"><b>Beide Sitzungen sind \u00f6ffentlich.<\/b><\/span><\/p>\n<p><span style=\"font-size: small; font-family: verdana,geneva;\">ver.di ruft alle Interessierten zur kritischen Begleitung der Sitzungen auf und sieht die Beratung des Antrags als Chance, \u00d6ffentlichkeit \u00fcber die Arbeitsbedingungen in der Altenpflege herzustellen.<\/span><br \/>\n<span style=\"font-size: small; font-family: verdana,geneva;\"><b>Dazu treffen wir uns am 5. M\u00e4rz etwas fr\u00fcher vor dem Eingang des Rathauses und werden dann die Sitzung um 17 Uhr gemeinsam besuchen. F\u00fcr den 18. M\u00e4rz, den Tag der Stadtverordnetensitzung, wird wahrscheinlich eine Versammlung vor der Sitzung angemeldet.<\/b><\/span><\/p>\n<p><span style=\"font-size: small; font-family: verdana,geneva;\">Die antragstellende Fraktion bietet desweiteren an, ihre \u00f6ffentliche Fraktionssitzung am 14. M\u00e4rz ab 19 Uhr im Kulturzentrum Schlachthof zu besuchen, auf der die beabsichtigte Privatisierung der SWA und die Arbeitsbedingungen in der Pflege Thema der offenen Diskussion sein werden.<\/span><\/p>\n<p><span style=\"font-size: small; font-family: verdana,geneva;\">siehe zum Thema auch: <a href=\"http:\/\/www.hna.de\/lokales\/kassel\/seniorenheime-verkauf-2673721.html\" target=\"_blank\">http:\/\/www.hna.de\/lokales\/kassel\/verdi-lehnt-verkauf-2752336.html<\/a><\/span><\/p>\n<p><a href=\"http:\/\/www.hna.de\/lokales\/kassel\/seniorenheime-verkauf-2673721.html \"><span style=\"font-size: small; font-family: verdana,geneva;\">http:\/\/www.hna.de\/lokales\/kassel\/seniorenheime-verkauf-2673721.html <\/span><\/a><\/p>\n<p><a href=\"http:\/\/www.hna.de\/lokales\/kassel\/protest-gegen-verkauf-2672603.html \" target=\"_blank\"><span style=\"font-size: small; font-family: verdana,geneva;\">http:\/\/www.hna.de\/lokales\/kassel\/protest-gegen-verkauf-2672603.html <\/span><\/a><\/p>\n<p><span style=\"font-size: small; font-family: verdana,geneva;\"><a href=\"http:\/\/kasseler-linke.de\/pressemitteilungen\/980-seniorenheime-lindenberg-und-fasanenhof-vor-verkauf\" target=\"_blank\">http:\/\/kasseler-linke.de\/pressemitteilungen\/980-seniorenheime-lindenberg-und-fasanenhof-vor-verkauf<\/a><\/span><\/p>\n<p><span style=\"font-size: small; font-family: verdana,geneva;\">\u00a0Der n\u00e4chste Altenpflegestammtisch findet statt am 12. M\u00e4rz ab 20 Uhr im Restaurant Finkenherd (das letzte Treffen musste aufgrund dortiger Renovierungsarbeiten kurzfristig in ein anderes Lokal verlegt werden).<\/span><\/p>\n<\/div>\n<div id=\"fb-root\"><\/div><script src=\"http:\/\/connect.facebook.net\/en_US\/all.js#xfbml=1\"><\/script><fb:like href=\"https:\/\/www.wobblies-kassel.de\/?p=346\" send=\"true\" layout=\"standard\" width=\"450\" show_faces=\"true\" font=\"verdana\" action=\"like\" colorscheme=\"light\"><\/fb:like>","protected":false},"excerpt":{"rendered":"<p>Bez\u00fcglich der von der Stadt beabsichtigten (Teil-)Privatisierung der Seniorenwohnanlagen wird es in n\u00e4chster Zeit zu Aktionen kommen. Im M\u00e4rz wird in der Stadtverordnetenversammlung \u00fcber einen Antrag der Fraktion Kasseler Linke beraten, in dem gefordert wird &#8211; die beabsichtigte Privatisierung von zun\u00e4chst 49 % der Anteile der Seniorenwohnanlagen Kassel GmbH sofort zu stoppen &#8211; Vorschl\u00e4ge f\u00fcr &hellip; <a href=\"https:\/\/www.wobblies-kassel.de\/?p=346\" class=\"more-link\"><span class=\"screen-reader-text\">Aktionen bzgl. Privatisierung der Seniorenwohnanlagen in Kassel<\/span> weiterlesen <span class=\"meta-nav\">&rarr;<\/span><\/a><\/p>\n","protected":false},"author":1,"featured_media":0,"comment_status":"open","ping_status":"open","sticky":false,"template":"","format":"gallery","meta":{"footnotes":""},"categories":[1,7],"tags":[31,35,108,106,107],"class_list":["post-346","post","type-post","status-publish","format-gallery","hentry","category-allgemein","category-gewerkschaftsoziales","tag-altenpflege","tag-altenpflegestammtisch","tag-altenpflegestammtisch-in-kassel","tag-privatisierung-der-altenpflegeheime-und-seniorenwohnanlagen","tag-seniorenwohnanlangen","post_format-post-format-gallery"],"_links":{"self":[{"href":"https:\/\/www.wobblies-kassel.de\/index.php?rest_route=\/wp\/v2\/posts\/346","targetHints":{"allow":["GET"]}}],"collection":[{"href":"https:\/\/www.wobblies-kassel.de\/index.php?rest_route=\/wp\/v2\/posts"}],"about":[{"href":"https:\/\/www.wobblies-kassel.de\/index.php?rest_route=\/wp\/v2\/types\/post"}],"author":[{"embeddable":true,"href":"https:\/\/www.wobblies-kassel.de\/index.php?rest_route=\/wp\/v2\/users\/1"}],"replies":[{"embeddable":true,"href":"https:\/\/www.wobblies-kassel.de\/index.php?rest_route=%2Fwp%2Fv2%2Fcomments&post=346"}],"version-history":[{"count":7,"href":"https:\/\/www.wobblies-kassel.de\/index.php?rest_route=\/wp\/v2\/posts\/346\/revisions"}],"predecessor-version":[{"id":349,"href":"https:\/\/www.wobblies-kassel.de\/index.php?rest_route=\/wp\/v2\/posts\/346\/revisions\/349"}],"wp:attachment":[{"href":"https:\/\/www.wobblies-kassel.de\/index.php?rest_route=%2Fwp%2Fv2%2Fmedia&parent=346"}],"wp:term":[{"taxonomy":"category","embeddable":true,"href":"https:\/\/www.wobblies-kassel.de\/index.php?rest_route=%2Fwp%2Fv2%2Fcategories&post=346"},{"taxonomy":"post_tag","embeddable":true,"href":"https:\/\/www.wobblies-kassel.de\/index.php?rest_route=%2Fwp%2Fv2%2Ftags&post=346"}],"curies":[{"name":"wp","href":"https:\/\/api.w.org\/{rel}","templated":true}]}}