{"id":339,"date":"2013-01-29T15:00:51","date_gmt":"2013-01-29T13:00:51","guid":{"rendered":"http:\/\/www.wobblies-kassel.de\/?p=339"},"modified":"2013-01-29T15:00:51","modified_gmt":"2013-01-29T13:00:51","slug":"solidaritat-mit-vw-kollegen-kundigungsschutzklage-gegen-vw-baunatal","status":"publish","type":"post","link":"https:\/\/www.wobblies-kassel.de\/?p=339","title":{"rendered":"Solidarit\u00e4t mit VW-Kollegen &#8211; K\u00fcndigungsschutzklage gegen VW Baunatal!"},"content":{"rendered":"<p dir=\"ltr\" style=\"text-align: justify;\"><strong><span style=\"font-family: Calibri;\">Kassel. Solidarit\u00e4t mit dem von Mobbing und K\u00fcndigung betroffenen VW-Kollegen ist weiterhin erforderlich. Inzwischen ist der Kollege von VW erneut krankheitsbedingt gek\u00fcndigt worden. Seine K\u00fcndigungsschutzklage wird am Donnerstag, den 31. Januar um 9.00 Uhr vom Kasseler Arbeitsgericht (Raum 305) verhandelt.<\/span><\/strong><\/p>\n<p dir=\"ltr\" style=\"text-align: justify;\"><span style=\"font-family: Calibri;\">Seine Klage auf Schadenersatz und Schmerzensgeld wegen unerlaubter Handlungen von Mitarbeitern, die nur mit Mobbing umschrieben werden k\u00f6nnen, wurde inzwischen abgewiesen. Wie wird man ein \u201everbrannter\u201c Mitarbeiter, den VW unbedingt loswerden will? Und wie sieht der Arbeitsalltag eines Schwerbehinderten bei VW in Baunatal aus, der darum k\u00e4mpft, an einem \u201eleidensgerechten\u201c, seinen gesundheitlichen Einschr\u00e4nkungen entsprechenden Arbeitsplatz und entsprechend seinen F\u00e4higkeiten eingesetzt zu werden? Auf diese und andere Fragen bekamen die am 14. Januar im Kasseler Arbeitsgericht Anwesenden keine Antworten. Denn die Kammer unter der Leitung von Richter M. Eichler entschied nach einer kurzen Nachfrage zu den Antr\u00e4gen der Parteien ohne weitere Anh\u00f6rung oder Kommentierung der Rechtslage zur Verbl\u00fcffung der am Verfahren beteiligten Parteien, die mit einer ausf\u00fchrlichen Er\u00f6rterung gerechnet hatten. So wurde den im Verhandlungsraum Anwesenden ein Einblick in die in den Klageschriften vorgetragenen Sichtweisen und Positionen verwehrt. Die zahlreich aufgef\u00fchrten Zeugen wurden gar nicht geh\u00f6rt. <\/span><\/p>\n<p dir=\"ltr\" style=\"text-align: justify;\"><span style=\"font-family: Calibri;\">Die Kammer hat entschieden, die Klage des VW-Kollegen auf Schadenersatz und Schmerzensgeld abzuweisen. Die Begr\u00fcndung liegt noch nicht vor.<\/span><\/p>\n<p dir=\"ltr\" style=\"text-align: justify;\"><span style=\"color: #1f497d; font-family: Calibri;\">Siehe<\/span> <a title=\"http:\/\/www.labournet.de\/category\/branchen\/auto\/auto-vw\/vw-ks\/\" href=\"http:\/\/www.labournet.de\/category\/branchen\/auto\/auto-vw\/vw-ks\/\" target=\"_blank\"><span style=\"text-decoration: underline;\" title=\"blocked::http:\/\/www.labournet.de\/category\/branchen\/auto\/auto-vw\/vw-ks\/\"><span style=\"color: #0000ff; font-family: Calibri;\" title=\"blocked::http:\/\/www.labournet.de\/category\/branchen\/auto\/auto-vw\/vw-ks\/\">http:\/\/www.labournet.de\/category\/branchen\/auto\/auto-vw\/vw-ks\/<\/span><\/span><\/a><\/p>\n<p dir=\"ltr\" style=\"text-align: justify;\"><strong><span style=\"font-family: Calibri;\">Der Kollege freut sich \u00fcber<\/span> <span style=\"font-family: Calibri;\">Ver\u00f6ffentlichung und<\/span> <span style=\"font-family: Calibri;\">Beteiligung an Prozessbeobachtung<\/span><\/strong><\/p>\n<div id=\"fb-root\"><\/div><script src=\"http:\/\/connect.facebook.net\/en_US\/all.js#xfbml=1\"><\/script><fb:like href=\"https:\/\/www.wobblies-kassel.de\/?p=339\" send=\"true\" layout=\"standard\" width=\"450\" show_faces=\"true\" font=\"verdana\" action=\"like\" colorscheme=\"light\"><\/fb:like>","protected":false},"excerpt":{"rendered":"<p>Kassel. Solidarit\u00e4t mit dem von Mobbing und K\u00fcndigung betroffenen VW-Kollegen ist weiterhin erforderlich. Inzwischen ist der Kollege von VW erneut krankheitsbedingt gek\u00fcndigt worden. Seine K\u00fcndigungsschutzklage wird am Donnerstag, den 31. Januar um 9.00 Uhr vom Kasseler Arbeitsgericht (Raum 305) verhandelt. Seine Klage auf Schadenersatz und Schmerzensgeld wegen unerlaubter Handlungen von Mitarbeitern, die nur mit Mobbing &hellip; <a href=\"https:\/\/www.wobblies-kassel.de\/?p=339\" class=\"more-link\"><span class=\"screen-reader-text\">Solidarit\u00e4t mit VW-Kollegen &#8211; K\u00fcndigungsschutzklage gegen VW Baunatal!<\/span> weiterlesen <span class=\"meta-nav\">&rarr;<\/span><\/a><\/p>\n","protected":false},"author":1,"featured_media":0,"comment_status":"open","ping_status":"open","sticky":false,"template":"","format":"standard","meta":{"footnotes":""},"categories":[7,4],"tags":[105,101,102,100,104,103],"class_list":["post-339","post","type-post","status-publish","format-standard","hentry","category-gewerkschaftsoziales","category-wobblies-in-aktion","tag-krankheitsbedingte-kundigung","tag-kundigungsschutzklage-gegen-vw","tag-labournet-de","tag-mobbing","tag-volkswagen-ag","tag-vw-baunatal"],"_links":{"self":[{"href":"https:\/\/www.wobblies-kassel.de\/index.php?rest_route=\/wp\/v2\/posts\/339","targetHints":{"allow":["GET"]}}],"collection":[{"href":"https:\/\/www.wobblies-kassel.de\/index.php?rest_route=\/wp\/v2\/posts"}],"about":[{"href":"https:\/\/www.wobblies-kassel.de\/index.php?rest_route=\/wp\/v2\/types\/post"}],"author":[{"embeddable":true,"href":"https:\/\/www.wobblies-kassel.de\/index.php?rest_route=\/wp\/v2\/users\/1"}],"replies":[{"embeddable":true,"href":"https:\/\/www.wobblies-kassel.de\/index.php?rest_route=%2Fwp%2Fv2%2Fcomments&post=339"}],"version-history":[{"count":2,"href":"https:\/\/www.wobblies-kassel.de\/index.php?rest_route=\/wp\/v2\/posts\/339\/revisions"}],"predecessor-version":[{"id":341,"href":"https:\/\/www.wobblies-kassel.de\/index.php?rest_route=\/wp\/v2\/posts\/339\/revisions\/341"}],"wp:attachment":[{"href":"https:\/\/www.wobblies-kassel.de\/index.php?rest_route=%2Fwp%2Fv2%2Fmedia&parent=339"}],"wp:term":[{"taxonomy":"category","embeddable":true,"href":"https:\/\/www.wobblies-kassel.de\/index.php?rest_route=%2Fwp%2Fv2%2Fcategories&post=339"},{"taxonomy":"post_tag","embeddable":true,"href":"https:\/\/www.wobblies-kassel.de\/index.php?rest_route=%2Fwp%2Fv2%2Ftags&post=339"}],"curies":[{"name":"wp","href":"https:\/\/api.w.org\/{rel}","templated":true}]}}