{"id":265,"date":"2012-09-08T08:40:39","date_gmt":"2012-09-08T06:40:39","guid":{"rendered":"http:\/\/www.wobblies-kassel.de\/?p=265"},"modified":"2012-09-15T11:33:17","modified_gmt":"2012-09-15T09:33:17","slug":"selbstorganisation-und-solidaritat-der-taxifahrer-nicht-nur-in-bremen","status":"publish","type":"post","link":"https:\/\/www.wobblies-kassel.de\/?p=265","title":{"rendered":"Selbstorganisation und Solidarit\u00e4t der Taxifahrer \u2013 nicht nur in Bremen!"},"content":{"rendered":"<h3 style=\"text-align: justify;\"><span style=\"font-size: small; font-family: verdana,geneva;\"><strong>Gefunden auf der Internetpr\u00e4senz der<br \/>\n<a href=\"http:\/\/www.ig-bremer-taxifahrer.de\/intern\/ralf\/07-09-2012\/\" target=\"_blank\">http:\/\/www.ig-bremer-taxifahrer.de<\/a><\/strong><\/span><\/h3>\n<p style=\"text-align: justify;\"><span style=\"font-size: small; font-family: verdana,geneva;\">\u00a0<\/span><\/p>\n<p style=\"text-align: justify;\"><span style=\"font-size: small; font-family: verdana,geneva;\">Die Arbeit unsere Gemeinschaft, die sich seit April diesen Jahres erfolgreich f\u00fcr die Rechte der Taxifahrer einsetzt, hat nicht nur weiterhin Zulauf aus dem eigenen Pflichtfahrgebiet. Bei derzeit ca. 225 Mitgliedern haben wir nicht nur doppelt so viele Mitglieder in 4 Monaten gewonnen, wie der Taxi-Ruf in 120 Jahren. Es gibt auch Anfragen und Hilferufe aus dem Bremer Umland.<\/span><\/p>\n<p style=\"text-align: justify;\"><span style=\"font-size: small; font-family: verdana,geneva;\">Zudem sind sogar bereits mehrere Kontakte zu \u00e4hnlichen Organisationen von Taxifahrern und anderen Arbeitnehmerverb\u00e4nden entstanden, die uns solidarische Gr\u00fc\u00dfe \u00fcbermittelt und zu einer Zusammenarbeit eingeladen haben. An mehreren Orten im ganzen Land, so scheint es, stehen erstmals Taxifahrer auf, organisieren sich und treten f\u00fcr ihre Rechte ein. In Zukunft werden wir daher unsere Aktivit\u00e4ten auch auf die Zusammenarbeit mit anderen Organisationen richten, und gemeinsame Aktionen und \u00d6ffentlichkeitsarbeit anstreben.<\/span><\/p>\n<p style=\"text-align: justify;\"><span style=\"font-size: small; font-family: verdana,geneva;\">Unter diesen Akteuren ist eine Gruppe von L\u00fcbecker TaxifahrerInnen, die sich selbstst\u00e4ndig organisiert hat und mit der Gewerkschaft ver.di zusammen arbeitet. Von Ihnen hat R. Schmidt k\u00fcrzlich eine sehr pointierte und treffende Denkschrift \u00fcber die uns\u00e4glichen Umst\u00e4nde in unserem Gewerbe verfasst, die ihr in K\u00fcrze auf unser Webseite werdet lesen und kommentieren <a href=\"http:\/\/www.ig-bremer-taxifahrer.de\/intern\/kommentar-meinung-abgeben\/\" target=\"_blank\">[LINK zur Kommentarfunktion]<\/a> k\u00f6nnen. Wir werden sicherlich noch mehr voneinander h\u00f6ren \u2013 eine Zusammenarbeit ist im Aufbau.<\/span><\/p>\n<p style=\"text-align: justify;\"><span style=\"font-size: small; font-family: verdana,geneva;\">Sehr gefreut hat uns auch die Solidarit\u00e4tsbekundung vom Daimler-Betriebsrat und der Hinweis auf die Initiative selbstorganisierter Arbeitnehmer \u201eBremen macht Feierabend\u201c [<a href=\"http:\/\/www.bremen-macht-feierabend.de\/\" target=\"_blank\">www.bremen-macht-feierabend.de<\/a>]. Eine Seite, die auf Missst\u00e4nde insbesondere der Niedriglohnjobs aufmerksam macht. Eine umtriebige und gewerkschafts\u00fcbergreifende Truppe, die f\u00fcr Arbeitnehmer- und Arbeitslosenrechte eintritt.<\/span><\/p>\n<p style=\"text-align: justify;\"><span style=\"font-size: small; font-family: verdana,geneva;\">Der Betriebsrat vom Taxi-Team Kassel [<a href=\"http:\/\/www.taxi-team-kassel-betriebsrat.alterweb.de\/\" target=\"_blank\">www.taxi-team-kassel-betriebsrat.alterweb.de\/<\/a>], organisiert bei ver.di und der \u201eIndustrial Workers of the World\u201c [<a href=\"http:\/\/www.iww.org\/\" target=\"_blank\">http:\/\/www.iww.org\/<\/a>], hat eine ebenfalls \u00fcberregionale Zusammenarbeit der Taxifahrer und mit den Gewerkschaften ver.di und dg-Taxi [<a href=\"http:\/\/www.dg-taxi.de\/\" target=\"_blank\">www.dg-taxi.de<\/a>] angeregt und auch diesem Vorschlag werden wir uns sicher nicht verschlie\u00dfen. Bremen ist keine Insel und unsere Erfolge in Bremen zeigen sehr gut, wie n\u00fctzlich ein Zusammenschluss sein kann. Entsprechend n\u00fctzlicher wird ein gr\u00f6\u00dferer Zusammenschluss.<\/span><\/p>\n<p style=\"text-align: justify;\"><span style=\"font-size: small; font-family: verdana,geneva;\">Last but not least haben wir \u2013nat\u00fcrlich- Kontakt zu den Jungs und M\u00e4dels vom \u201eHamburger Taxenverband\u201c HTV [<a href=\"http:\/\/hamburgertaxenverband.de\/\" target=\"_blank\">http:\/\/hamburgertaxenverband.de<\/a>]. Bisherige Fernfahrten konnten schon ganz sinnvoll mit Treffen verbunden werden und wir werden die Zusammenarbeit ausbauen. Auch hier wie in Berlin, L\u00fcbeck, Kassel, G\u00f6ttingen oder sonst wo haben die Kollegen die selben oder \u00e4hnlichen Probleme. Und sie wehren sich ebenso wie wir.<\/span><\/p>\n<p style=\"text-align: justify;\"><span style=\"font-size: small; font-family: verdana,geneva;\">Dies ist nur ein Ausschnitt aus unserer Bilanz der letzten 4 Monate \u2013 und mit unseren Kollegen aus ganz Deutschland werden wir weiter gemeinsam f\u00fcr unsere Rechte eintreten.<\/span><\/p>\n<p style=\"text-align: justify;\"><span style=\"font-size: small; font-family: verdana,geneva;\"><strong>\u00a0Viele Gr\u00fc\u00dfe \u2013 Euer Vorstand.<\/strong><\/span><\/p>\n<p style=\"text-align: justify;\"><span style=\"color: #3366ff; font-size: small; font-family: verdana,geneva;\"><strong>Es bewegt sich also was!<\/strong><\/span><\/p>\n<p style=\"text-align: justify;\"><span style=\"font-size: small; font-family: verdana,geneva;\">Der Betriebsrat des Taxi-Teams-Kassel und die IWW-Wobblies Kassel hatten zuvor die Kolleginnen und Kollegen in Bremen angeschrieben und diesen eine Zusammenarbeit angeboten!<em><br \/>\n<\/em><\/span><\/p>\n<div id=\"fb-root\"><\/div><script src=\"http:\/\/connect.facebook.net\/en_US\/all.js#xfbml=1\"><\/script><fb:like href=\"https:\/\/www.wobblies-kassel.de\/?p=265\" send=\"true\" layout=\"standard\" width=\"450\" show_faces=\"true\" font=\"verdana\" action=\"like\" colorscheme=\"light\"><\/fb:like>","protected":false},"excerpt":{"rendered":"<p>Gefunden auf der Internetpr\u00e4senz der http:\/\/www.ig-bremer-taxifahrer.de \u00a0 Die Arbeit unsere Gemeinschaft, die sich seit April diesen Jahres erfolgreich f\u00fcr die Rechte der Taxifahrer einsetzt, hat nicht nur weiterhin Zulauf aus dem eigenen Pflichtfahrgebiet. Bei derzeit ca. 225 Mitgliedern haben wir nicht nur doppelt so viele Mitglieder in 4 Monaten gewonnen, wie der Taxi-Ruf in 120 &hellip; <a href=\"https:\/\/www.wobblies-kassel.de\/?p=265\" class=\"more-link\"><span class=\"screen-reader-text\">Selbstorganisation und Solidarit\u00e4t der Taxifahrer \u2013 nicht nur in Bremen!<\/span> weiterlesen <span class=\"meta-nav\">&rarr;<\/span><\/a><\/p>\n","protected":false},"author":1,"featured_media":0,"comment_status":"open","ping_status":"open","sticky":false,"template":"","format":"gallery","meta":{"footnotes":""},"categories":[7,4],"tags":[37,40,42,41,36,38,43,39],"class_list":["post-265","post","type-post","status-publish","format-gallery","hentry","category-gewerkschaftsoziales","category-wobblies-in-aktion","tag-aktion","tag-betriebsrat-des-taxi-teams-kassel","tag-es-reicht-wir-wehren-uns","tag-hamburger-taxenverband","tag-ig-bremer-taxifahrer","tag-solidaritat","tag-taxifahrer-und-taxifahrerinnen-koordinieren-und-organisieren-sich","tag-uberregionale-zusammenarbeit-von-taxifahrern-und-taxifahrerinnen","post_format-post-format-gallery"],"_links":{"self":[{"href":"https:\/\/www.wobblies-kassel.de\/index.php?rest_route=\/wp\/v2\/posts\/265","targetHints":{"allow":["GET"]}}],"collection":[{"href":"https:\/\/www.wobblies-kassel.de\/index.php?rest_route=\/wp\/v2\/posts"}],"about":[{"href":"https:\/\/www.wobblies-kassel.de\/index.php?rest_route=\/wp\/v2\/types\/post"}],"author":[{"embeddable":true,"href":"https:\/\/www.wobblies-kassel.de\/index.php?rest_route=\/wp\/v2\/users\/1"}],"replies":[{"embeddable":true,"href":"https:\/\/www.wobblies-kassel.de\/index.php?rest_route=%2Fwp%2Fv2%2Fcomments&post=265"}],"version-history":[{"count":4,"href":"https:\/\/www.wobblies-kassel.de\/index.php?rest_route=\/wp\/v2\/posts\/265\/revisions"}],"predecessor-version":[{"id":267,"href":"https:\/\/www.wobblies-kassel.de\/index.php?rest_route=\/wp\/v2\/posts\/265\/revisions\/267"}],"wp:attachment":[{"href":"https:\/\/www.wobblies-kassel.de\/index.php?rest_route=%2Fwp%2Fv2%2Fmedia&parent=265"}],"wp:term":[{"taxonomy":"category","embeddable":true,"href":"https:\/\/www.wobblies-kassel.de\/index.php?rest_route=%2Fwp%2Fv2%2Fcategories&post=265"},{"taxonomy":"post_tag","embeddable":true,"href":"https:\/\/www.wobblies-kassel.de\/index.php?rest_route=%2Fwp%2Fv2%2Ftags&post=265"}],"curies":[{"name":"wp","href":"https:\/\/api.w.org\/{rel}","templated":true}]}}