{"id":142,"date":"2012-07-30T11:11:44","date_gmt":"2012-07-30T09:11:44","guid":{"rendered":"http:\/\/www.wobblies-kassel.de\/?p=142"},"modified":"2012-07-30T20:47:37","modified_gmt":"2012-07-30T18:47:37","slug":"3-minuten-solidaritat-fur-gottinger-vertrauensleute-bei-netto","status":"publish","type":"post","link":"https:\/\/www.wobblies-kassel.de\/?p=142","title":{"rendered":"3 Minuten Solidarit\u00e4t f\u00fcr G\u00f6ttinger Vertrauensleute bei Netto!"},"content":{"rendered":"<p style=\"text-align: justify;\"><span style=\"font-size: small; font-family: verdana,geneva;\"><strong>Liebe Kollegin, lieber Kollege,<\/strong><\/span><\/p>\n<p style=\"text-align: justify;\"><span style=\"font-size: small; font-family: verdana,geneva;\">in G\u00f6ttingen wurden seit Juni 2012 4 Filialen der EDEKA-Tochter Netto quasi \u00fcber Nacht geschlossen \u2013 es steht der Verdacht im Raum, die Schlie\u00dfungen k\u00f6nnten in Verbindung mit der erh\u00f6hten gewerkschaftlichen Aktivit\u00e4t dort besch\u00e4ftigter Kolleg\/innen stehen. Sozial nicht zumutbare Versetzungen und K\u00fcndigungen sind nicht ausgeschlossen.<\/span><\/p>\n<p style=\"text-align: justify;\"><span style=\"font-size: small; font-family: verdana,geneva;\"><strong>Hier kannst du lesen,<\/strong><\/span><\/p>\n<p style=\"text-align: justify;\"><span style=\"font-size: small; font-family: verdana,geneva;\">1. wer diese bundesweit einzigen ver.di Vertrauensleute im Discounterbereich sind und wof\u00fcr sie sich stark machen: <a title=\"blocked::http:\/\/www.neulich-bei-netto.de\/98\" href=\"http:\/\/www.neulich-bei-netto.de\/98\">http:\/\/www.neulich-bei-netto.de\/98<\/a><br \/>\n2. welche engagierten Mitmenschen u.A. Bundestagsabgeordneten, Landtags und Kommunalpolitiker\/innen, Wissenschaftler\/innen und Kolleg\/innen sich bereits f\u00fcr ihre Sache einsetzen und Gesicht zeigen: <a title=\"blocked::http:\/\/www.neulich-bei-netto.de\/88\" href=\"http:\/\/www.neulich-bei-netto.de\/88\">http:\/\/www.neulich-bei-netto.de\/88<\/a><br \/>\n3. was die Forderungen der ver.di Aktiven bei Netto und ihrer Unterst\u00fctzer\/innen gegen\u00fcber Netto sind <a title=\"blocked::http:\/\/www.neulich-bei-netto.de\/208\" href=\"http:\/\/www.neulich-bei-netto.de\/208\">http:\/\/www.neulich-bei-netto.de\/208<\/a><\/span><\/p>\n<p style=\"text-align: justify;\"><span style=\"font-size: small; font-family: verdana,geneva;\">Die Netto Gesch\u00e4ftsleitung ist am <strong>Sonntag, den 22 .Juli<\/strong> von einer Unterst\u00fctzungs- und Mitgliederkonferenz in G\u00f6ttingen aufgefordert worden, bis zum 6. August mit ver.di in Verhandlungen zu treten.<\/span><\/p>\n<p style=\"text-align: justify;\"><span style=\"font-size: small; font-family: verdana,geneva;\"><strong>Trotz und wegen ihrer Arbeitsbedingungen und etlicher Schikanen durch den Arbeitgeber: die ver.di Kolleg\/innen sagen: jetzt erst Recht! <\/strong><\/span><\/p>\n<p style=\"text-align: justify;\"><span style=\"font-size: small; font-family: verdana,geneva;\"><strong>Wir sind daher <\/strong><strong>gestern mit einem Blog gestartet auf dem die Kampagne bekannt gemacht wird und wo du konkrete Solidarit\u00e4t zeigen kannst: <a title=\"blocked::http:\/\/www.neulich-bei-netto.de\/\" href=\"http:\/\/www.neulich-bei-netto.de\">www.neulich-bei-netto.de<\/a><\/strong><\/span><\/p>\n<p style=\"text-align: justify;\"><span style=\"font-size: small; font-family: verdana,geneva;\"><strong>Unterst\u00fctzungsaufruf f\u00fcr Eilige:<\/strong><\/span><\/p>\n<p style=\"text-align: justify;\"><span style=\"font-size: small; font-family: verdana,geneva;\">Unterschreibe die online \u2013Petition an das Netto- und EDEKA-Management: <a title=\"blocked::http:\/\/www.neulich-bei-netto.de\/154\" href=\"http:\/\/www.neulich-bei-netto.de\/154\">http:\/\/www.neulich-bei-netto.de\/154<\/a><br \/>\nSchicke diesen Aufruf an engagierte Gewerkschaftskolleg\/innen weiter.<\/span><\/p>\n<p style=\"text-align: justify;\"><span style=\"font-size: small; font-family: verdana,geneva;\"><strong>Unterst\u00fctzungsaufruf f\u00fcr Solidarische mit ein wenig mehr Zeit: <\/strong><\/span><\/p>\n<p style=\"text-align: justify;\"><span style=\"font-size: small; font-family: verdana,geneva;\">Unterschreibe die online \u2013Petition an das Netto- und EDEKA-Management: <a title=\"blocked::http:\/\/www.neulich-bei-netto.de\/154\" href=\"http:\/\/www.neulich-bei-netto.de\/154\">http:\/\/www.neulich-bei-netto.de\/154<\/a><\/span><br \/>\n<span style=\"font-size: small; font-family: verdana,geneva;\">Klicke auf \u201egef\u00e4llt mir\u201c unter <a title=\"blocked::https:\/\/www.facebook.com\/NeulichBeiNetto\" href=\"https:\/\/www.facebook.com\/NeulichBeiNetto\">https:\/\/www.facebook.com\/NeulichBeiNetto<\/a><\/span><br \/>\n<span style=\"font-size: small; font-family: verdana,geneva;\"> Beteilige dich an der Aktion \u201eGesicht zeigen\u201c, <a title=\"blocked::http:\/\/www.neulich-bei-netto.de\/88:1\" href=\"http:\/\/www.neulich-bei-netto.de\/88%3A1\">http:\/\/www.neulich-bei-netto.de\/88%3A1<\/a><br \/>\nSchicke diesen Aufruf Mail an engagierte Gewerkschaftskolleg\/innen weiter.<\/span><\/p>\n<p style=\"text-align: justify;\"><span style=\"font-size: small; font-family: verdana,geneva;\"><strong>Unterst\u00fctzungsaufruf f\u00fcr ver.di Gremien und Betriebsr\u00e4te<\/strong><\/span><\/p>\n<p style=\"text-align: justify;\"><span style=\"font-size: small; font-family: verdana,geneva;\">Schreibt eine Solidarit\u00e4tserkl\u00e4rung wie zum Beispiel hier: <a title=\"blocked::http:\/\/www.neulich-bei-netto.de\/163\" href=\"http:\/\/www.neulich-bei-netto.de\/163\">http:\/\/www.neulich-bei-netto.de\/163<\/a> und schickt sie an <a title=\"blocked::javascript:DeCryptX('lbuibsjob\/xftfojdlAwfsej\/ef')\">katharina [dot] wesenick [at] verdi [dot] de<\/a><\/span><br \/>\n<span style=\"font-size: small; font-family: verdana,geneva;\">Beteiligt Euch mit einem Foto an der Aktion \u201eGesicht zeigen <a title=\"blocked::http:\/\/www.neulich-bei-netto.de\/88:1\" href=\"http:\/\/www.neulich-bei-netto.de\/88%3A1\">http:\/\/www.neulich-bei-netto.de\/88%3A1<\/a><\/span><br \/>\n<span style=\"font-size: small; font-family: verdana,geneva;\">Schickt diesen Aufruf an engagierte Gewerkschaftskolleg\/innen weiter.<\/span><\/p>\n<p style=\"text-align: justify;\"><span style=\"font-size: small; font-family: verdana,geneva;\">Klicke auf \u201egef\u00e4llt mir\u201c unter <a title=\"blocked::https:\/\/www.facebook.com\/NeulichBeiNetto\" href=\"https:\/\/www.facebook.com\/NeulichBeiNetto\">https:\/\/www.facebook.com\/NeulichBeiNetto<\/a><br \/>\nIm Namen aller ver.di Aktiven: Ein herzliches Dankesch\u00f6n f\u00fcr dein Engagement schon im Voraus!<\/span><\/p>\n<p style=\"text-align: justify;\"><span style=\"font-size: small; font-family: verdana,geneva;\"><strong>Katharina Wesenick<\/strong><\/span><br \/>\n<span style=\"font-size: small; font-family: verdana,geneva;\"> \u2014\u2014\u2014\u2014\u2014\u2014\u2014\u2014\u2014\u2014\u2014\u2014\u2014\u2014\u2014\u2013<\/span><\/p>\n<p style=\"text-align: justify;\"><span style=\"font-size: small; font-family: verdana,geneva;\">ver.di Gewerkschaftssekret\u00e4rin Handel<\/span><br \/>\n<span style=\"font-size: small; font-family: verdana,geneva;\"> <strong>Groner-Tor-Str. 32<br \/>\n37073 G\u00f6ttingen<br \/>\nFon: 0551-54850 0<br \/>\nFax: +49(0)1805 83734325243<br \/>\n<a title=\"blocked::http:\/\/www.aktiv-gegen-diskriminierung.info\/\" href=\"http:\/\/www.aktiv-gegen-diskriminierung.info\">www.aktiv-gegen-diskriminierung.info<\/a> <\/strong><\/span><\/p>\n<div id=\"fb-root\"><\/div><script src=\"http:\/\/connect.facebook.net\/en_US\/all.js#xfbml=1\"><\/script><fb:like href=\"https:\/\/www.wobblies-kassel.de\/?p=142\" send=\"true\" layout=\"standard\" width=\"450\" show_faces=\"true\" font=\"verdana\" action=\"like\" colorscheme=\"light\"><\/fb:like>","protected":false},"excerpt":{"rendered":"<p>Liebe Kollegin, lieber Kollege, in G\u00f6ttingen wurden seit Juni 2012 4 Filialen der EDEKA-Tochter Netto quasi \u00fcber Nacht geschlossen \u2013 es steht der Verdacht im Raum, die Schlie\u00dfungen k\u00f6nnten in Verbindung mit der erh\u00f6hten gewerkschaftlichen Aktivit\u00e4t dort besch\u00e4ftigter Kolleg\/innen stehen. Sozial nicht zumutbare Versetzungen und K\u00fcndigungen sind nicht ausgeschlossen. Hier kannst du lesen, 1. wer &hellip; <a href=\"https:\/\/www.wobblies-kassel.de\/?p=142\" class=\"more-link\"><span class=\"screen-reader-text\">3 Minuten Solidarit\u00e4t f\u00fcr G\u00f6ttinger Vertrauensleute bei Netto!<\/span> weiterlesen <span class=\"meta-nav\">&rarr;<\/span><\/a><\/p>\n","protected":false},"author":1,"featured_media":0,"comment_status":"open","ping_status":"open","sticky":false,"template":"","format":"gallery","meta":{"footnotes":""},"categories":[7,5],"tags":[],"class_list":["post-142","post","type-post","status-publish","format-gallery","hentry","category-gewerkschaftsoziales","category-politik","post_format-post-format-gallery"],"_links":{"self":[{"href":"https:\/\/www.wobblies-kassel.de\/index.php?rest_route=\/wp\/v2\/posts\/142","targetHints":{"allow":["GET"]}}],"collection":[{"href":"https:\/\/www.wobblies-kassel.de\/index.php?rest_route=\/wp\/v2\/posts"}],"about":[{"href":"https:\/\/www.wobblies-kassel.de\/index.php?rest_route=\/wp\/v2\/types\/post"}],"author":[{"embeddable":true,"href":"https:\/\/www.wobblies-kassel.de\/index.php?rest_route=\/wp\/v2\/users\/1"}],"replies":[{"embeddable":true,"href":"https:\/\/www.wobblies-kassel.de\/index.php?rest_route=%2Fwp%2Fv2%2Fcomments&post=142"}],"version-history":[{"count":5,"href":"https:\/\/www.wobblies-kassel.de\/index.php?rest_route=\/wp\/v2\/posts\/142\/revisions"}],"predecessor-version":[{"id":183,"href":"https:\/\/www.wobblies-kassel.de\/index.php?rest_route=\/wp\/v2\/posts\/142\/revisions\/183"}],"wp:attachment":[{"href":"https:\/\/www.wobblies-kassel.de\/index.php?rest_route=%2Fwp%2Fv2%2Fmedia&parent=142"}],"wp:term":[{"taxonomy":"category","embeddable":true,"href":"https:\/\/www.wobblies-kassel.de\/index.php?rest_route=%2Fwp%2Fv2%2Fcategories&post=142"},{"taxonomy":"post_tag","embeddable":true,"href":"https:\/\/www.wobblies-kassel.de\/index.php?rest_route=%2Fwp%2Fv2%2Ftags&post=142"}],"curies":[{"name":"wp","href":"https:\/\/api.w.org\/{rel}","templated":true}]}}